{"id":6067,"date":"2023-05-21T16:37:51","date_gmt":"2023-05-21T19:37:51","guid":{"rendered":"https:\/\/martecna.com\/wp\/?p=6067"},"modified":"2023-05-21T17:53:11","modified_gmt":"2023-05-21T20:53:11","slug":"san-isidro-labrador-2023","status":"publish","type":"post","link":"https:\/\/martecna.com\/wp\/2023\/05\/21\/san-isidro-labrador-2023\/","title":{"rendered":"San Isidro Labrador 2023"},"content":{"rendered":"\n<p>Edici\u00f3n inolvidable de la Copa San Isidro Labrador (entre nosotros &#8216;la SIL&#8217;, o &#8216;el SIL&#8217;, dependiendo de si lo llamamos Copa o Campeonato \ud83d\ude42 ) Sin lluvia, lo que no ven\u00eda ocurriendo desde hace varias ediciones. <\/p>\n\n\n\n<p class=\"grupo\">NOTA: El campeonato SIL completo se corre en varios fines de semana, cada uno con diferentes clases, siendo las clases divididas principalmente por ser de orza o quilla. Este relato corresponde al SIL de Semana Santa, organizado para las clases de quilla m\u00e1s convocantes y con las que nosotros tenemos una relaci\u00f3n m\u00e1s cercana. <\/p>\n\n\n\n<p>M\u00e1s all\u00e1 del clima, el campeonato fue una fiesta, por la buena onda del club y los participantes; muy buena difusi\u00f3n en redes sociales (no te pierdas el instagram del evento <a href=\"https:\/\/www.instagram.com\/cnsi_sil\/\" target=\"_blank\" rel=\"noreferrer noopener\">https:\/\/www.instagram.com\/cnsi_sil\/<\/a>), buena cantidad de patrocinadores, muchos sorteos, muchos premios. Todas las clases estuvieron presentes con un gran n\u00famero de participantes y, salvo Optimist timoneles que no cont\u00f3 con la participaci\u00f3n de los seleccionados al Sudamericano por estar muy encima de la fecha del viaje, todas tuvieron a sus mejores exponentes entre los inscriptos. De hecho, para las clases ILCA 6, 29er y 420 el campeonato fue la segunda parte del selectivo para el mundial Youth de la World Sailing.<\/p>\n\n\n\n<div class=\"wp-block-columns is-layout-flex wp-container-4\">\n<div class=\"wp-block-column is-layout-flow\">\n<figure class=\"wp-block-image size-full\"><img decoding=\"async\" loading=\"lazy\" width=\"940\" height=\"788\" src=\"https:\/\/martecna.com\/wp\/wp-content\/uploads\/2023\/05\/fotosSILopti.png\" alt=\"Zona de parqueo de Optimist - foto propia\n\" class=\"wp-image-6214\" srcset=\"https:\/\/martecna.com\/wp\/wp-content\/uploads\/2023\/05\/fotosSILopti.png 940w, https:\/\/martecna.com\/wp\/wp-content\/uploads\/2023\/05\/fotosSILopti-300x251.png 300w, https:\/\/martecna.com\/wp\/wp-content\/uploads\/2023\/05\/fotosSILopti-768x644.png 768w\" sizes=\"(max-width: 940px) 100vw, 940px\" \/><\/figure>\n<\/div>\n\n\n\n<div class=\"wp-block-column is-layout-flow\">\n<figure class=\"wp-block-image size-full\"><img decoding=\"async\" loading=\"lazy\" width=\"940\" height=\"788\" src=\"https:\/\/martecna.com\/wp\/wp-content\/uploads\/2023\/05\/4.png\" alt=\"Zona de parqueo de ILCA - foto de Flo Gonz\u00e1lez Alzaga\n\" class=\"wp-image-6212\" srcset=\"https:\/\/martecna.com\/wp\/wp-content\/uploads\/2023\/05\/4.png 940w, https:\/\/martecna.com\/wp\/wp-content\/uploads\/2023\/05\/4-300x251.png 300w, https:\/\/martecna.com\/wp\/wp-content\/uploads\/2023\/05\/4-768x644.png 768w\" sizes=\"(max-width: 940px) 100vw, 940px\" \/><\/figure>\n<\/div>\n\n\n\n<div class=\"wp-block-column is-layout-flow\">\n<figure class=\"wp-block-image size-full\"><img decoding=\"async\" loading=\"lazy\" width=\"940\" height=\"788\" src=\"https:\/\/martecna.com\/wp\/wp-content\/uploads\/2023\/05\/5.png\" alt=\"Zona de parqueo de 29er - foto de Flo Gonz\u00e1lez Alzaga\" class=\"wp-image-6211\" srcset=\"https:\/\/martecna.com\/wp\/wp-content\/uploads\/2023\/05\/5.png 940w, https:\/\/martecna.com\/wp\/wp-content\/uploads\/2023\/05\/5-300x251.png 300w, https:\/\/martecna.com\/wp\/wp-content\/uploads\/2023\/05\/5-768x644.png 768w\" sizes=\"(max-width: 940px) 100vw, 940px\" \/><\/figure>\n<\/div>\n<\/div>\n\n\n\n<p>Como todos los campeonatos grandes del calendario, \u00e9ste fue parque cerrado, es decir que todos los participantes (12 ILCA 7, 181 Optimist principiantes, 52 ILCA 6, 34 420s, 28 ILCA 4, 132 Optimist timoneles, 13 F18s, 20 29ers y 13 Cadets) deb\u00edan salir a navegar desde, y regresar hasta, el CNSI. Repartidas las \u00e1reas de parqueo de las diferentes clases en todo el predio del club, no hubo sensaci\u00f3n de superpoblaci\u00f3n y las bajadas al agua, desde 3 rampas distintas, fueron tranquilas y organizadas.<\/p>\n\n\n\n<p>De destacar fue el gran despliegue de marineros y socios colaboradores para minimizar los malentendidos y lograr que el clima de fiesta no se aguara debido a problemas de falta de organizaci\u00f3n. No deben haber faltado las situaciones dif\u00edciles, pero con buena voluntad y un objetivo claro, todo se soluciona.<\/p>\n\n\n\n<div class=\"wp-block-media-text alignwide is-stacked-on-mobile\"><figure class=\"wp-block-media-text__media\"><img decoding=\"async\" loading=\"lazy\" width=\"940\" height=\"788\" src=\"https:\/\/martecna.com\/wp\/wp-content\/uploads\/2023\/05\/6.png\" alt=\"Cadets en el agua - Foto de Flo Gonz\u00e1lez \u00c1lzaga\n\" class=\"wp-image-6217 size-full\" srcset=\"https:\/\/martecna.com\/wp\/wp-content\/uploads\/2023\/05\/6.png 940w, https:\/\/martecna.com\/wp\/wp-content\/uploads\/2023\/05\/6-300x251.png 300w, https:\/\/martecna.com\/wp\/wp-content\/uploads\/2023\/05\/6-768x644.png 768w\" sizes=\"(max-width: 940px) 100vw, 940px\" \/><\/figure><div class=\"wp-block-media-text__content\">\n<p><\/p>\n\n\n\n<p>Con respecto a la participaci\u00f3n de extranjeros, en la clase Optimist tuvimos la visita de competidores uruguayos, chilenos y brasileros. Por su parte, la clase Cadet volvi\u00f3 a organizar la cl\u00ednica de intercambio con navegantes alemanes, una excelente iniciativa que ya va por su segunda edici\u00f3n y esperamos que se repita en a\u00f1os venideros. <\/p>\n<\/div><\/div>\n\n\n\n<div class=\"wp-block-media-text alignwide is-stacked-on-mobile\"><figure class=\"wp-block-media-text__media\"><img decoding=\"async\" loading=\"lazy\" width=\"940\" height=\"788\" src=\"https:\/\/martecna.com\/wp\/wp-content\/uploads\/2023\/05\/1.png\" alt=\"Cami\u00f3n instalado en el club - foto propia\" class=\"wp-image-6209 size-full\" srcset=\"https:\/\/martecna.com\/wp\/wp-content\/uploads\/2023\/05\/1.png 940w, https:\/\/martecna.com\/wp\/wp-content\/uploads\/2023\/05\/1-300x251.png 300w, https:\/\/martecna.com\/wp\/wp-content\/uploads\/2023\/05\/1-768x644.png 768w\" sizes=\"(max-width: 940px) 100vw, 940px\" \/><\/figure><div class=\"wp-block-media-text__content\">\n<p><\/p>\n\n\n\n<p>Martecna se hizo presente en el campeonato con el cami\u00f3n, y con un casco de Optimist &#8220;JUAMPI by Martecna&#8221; 0km que se sorte\u00f3 entre todos los competidores de la clase luego de la entrega de premios. Adem\u00e1s fuimos los proveedores de barcos de alquiler para los visitantes alemanes de la clase Cadet, para Optimistas uruguayos, brasileros, y algunos competidores del interior; y para navegantes barilochenses de la categor\u00eda L99. (Esta vez no hubo pr\u00e9stamo de cascos a competidores del interior ya que gran parte de nuestra flota de cascos de Optimist estaba viajando a Per\u00fa, al Sudamericano de Optimist)<\/p>\n<\/div><\/div>\n\n\n\n<figure class=\"wp-block-image size-large\"><img decoding=\"async\" loading=\"lazy\" width=\"1024\" height=\"537\" src=\"https:\/\/martecna.com\/wp\/wp-content\/uploads\/2023\/05\/339817120_6231983536892256_8388648113620691990_n-1024x537.jpeg\" alt=\"Casco de Optimist JUAMPI para el sorteo - foto del Instagram del campeonato\n\" class=\"wp-image-6216\" srcset=\"https:\/\/martecna.com\/wp\/wp-content\/uploads\/2023\/05\/339817120_6231983536892256_8388648113620691990_n-1024x537.jpeg 1024w, https:\/\/martecna.com\/wp\/wp-content\/uploads\/2023\/05\/339817120_6231983536892256_8388648113620691990_n-300x157.jpeg 300w, https:\/\/martecna.com\/wp\/wp-content\/uploads\/2023\/05\/339817120_6231983536892256_8388648113620691990_n-768x402.jpeg 768w, https:\/\/martecna.com\/wp\/wp-content\/uploads\/2023\/05\/339817120_6231983536892256_8388648113620691990_n.jpeg 1080w\" sizes=\"(max-width: 1024px) 100vw, 1024px\" \/><\/figure>\n\n\n\n<p>Como lo anunciamos al principio, el clima esta vez se port\u00f3, y aunque un d\u00eda no se pudieron correr regatas por falta de viento, todas las jornadas fueron soleadas y la lluvia ni apareci\u00f3.<\/p>\n\n\n\n<p>En resumen, una Semana Santa a todo color en el N\u00e1utico San Isidro. Agradecemos al club y sus autoridades, y muy especialmente al comit\u00e9 organizador por esta fiesta de la vela, y por habernos dejado acompa\u00f1arlos una vez m\u00e1s. Esperamos volver a encontrarnos el a\u00f1o que viene en una nueva edici\u00f3n del&nbsp;@cnsi_sil, igual o m\u00e1s exitosa que la que acaba de finalizar. ??<\/p>\n\n\n\n<p>Parte del equipo de Martecna debi\u00f3 partir hacia Per\u00fa antes del final de la SIL, y el cami\u00f3n debi\u00f3 quedar en el N\u00e1utico hasta nuestro regreso. Si viste el cami\u00f3n en el club despu\u00e9s del campeonato y te preguntabas qu\u00e9 hab\u00eda pasado, ahora ya sab\u00e9s.  <\/p>\n\n\n\n<h2 class=\"wp-block-heading\">PODIOS<\/h2>\n\n\n\n<h4 class=\"wp-block-heading\">ILCA 7<\/h4>\n\n\n\n<ol>\n<li>Pedro Pinto<\/li>\n\n\n\n<li>Carlos Gabasio<\/li>\n\n\n\n<li>Ramiro Su\u00e1rez Fabbro<\/li>\n<\/ol>\n\n\n\n<h4 class=\"wp-block-heading\">ILCA 6<\/h4>\n\n\n\n<ol>\n<li>Joaqu\u00edn Galv\u00e1n<\/li>\n\n\n\n<li>Lucas Mones Ruiz<\/li>\n\n\n\n<li>Ram\u00f3n Frene<\/li>\n<\/ol>\n\n\n\n<h4 class=\"wp-block-heading\">ILCA 4<\/h4>\n\n\n\n<ol>\n<li>Segundo Garc\u00eda<\/li>\n\n\n\n<li>Luca Maio<\/li>\n\n\n\n<li>Juan Ignacio Caramellino<\/li>\n<\/ol>\n\n\n\n<h4 class=\"wp-block-heading\">420<\/h4>\n\n\n\n<ol>\n<li>Federico Warburg y Delfina Perry<\/li>\n\n\n\n<li>Beltr\u00e1n Lepori y Pedro Bianchi<\/li>\n\n\n\n<li>Diego Pasquariello e Ian Vescio<\/li>\n<\/ol>\n\n\n\n<h4 class=\"wp-block-heading\">29er<\/h4>\n\n\n\n<ol>\n<li>Amparo Stupenengo y Tadeo Funes de Rioja<\/li>\n\n\n\n<li>Juana Escalante y Santiago Palkin<\/li>\n\n\n\n<li>Juana Rother y Victoria Vanney<\/li>\n<\/ol>\n\n\n\n<h4 class=\"wp-block-heading\">F18<\/h4>\n\n\n\n<ol>\n<li>Agust\u00edn Krevisky y Juan Mart\u00edn Ben\u00edtez<\/li>\n\n\n\n<li>Cruz Gonz\u00e1lez Smith y Mariano Heuser<\/li>\n\n\n\n<li>Juan Pablo Sucic y Juan Mart\u00edn Ben\u00edtez<\/li>\n<\/ol>\n\n\n\n<h4 class=\"wp-block-heading\">CADET<\/h4>\n\n\n\n<ol>\n<li>Tom\u00e1s Fern\u00e1ndez Jard\u00f3n y Vicente Carloni<\/li>\n\n\n\n<li>Franco Barone y Lorenzo Barone<\/li>\n\n\n\n<li>Juan Ignacio Arostegui y M\u00e1ximo Oliver<\/li>\n<\/ol>\n\n\n\n<h4 class=\"wp-block-heading\">OPTIMIST PRINCIPIANTES<\/h4>\n\n\n\n<ol>\n<li>Pilar Zabala<\/li>\n\n\n\n<li>Ignacio Padilla<\/li>\n\n\n\n<li>Santiago Saravi<\/li>\n<\/ol>\n\n\n\n<h4 class=\"wp-block-heading\">OPTIMIST TIMONELES<\/h4>\n\n\n\n<ol>\n<li>Bautista Iriberri<\/li>\n\n\n\n<li>Gino Pichetti<\/li>\n\n\n\n<li>Tom\u00e1s Molinari<\/li>\n<\/ol>\n\n\n\n<p class=\"has-pale-cyan-blue-background-color has-background\">\u00a1\u00a1Felicitaciones a los ganadores y gracias a todos, ganadores y no tanto, por estar siempre!! <\/p>\n","protected":false},"excerpt":{"rendered":"<p>Edici\u00f3n inolvidable de la Copa San Isidro Labrador (entre nosotros &#8216;la SIL&#8217;, o &#8216;el SIL&#8217;, dependiendo de si lo llamamos Copa o Campeonato \ud83d\ude42 ) Sin lluvia, lo que no ven\u00eda ocurriendo desde hace varias ediciones. NOTA: El campeonato SIL completo se corre en varios fines de semana, cada uno con diferentes clases, siendo las clases divididas principalmente por ser de orza o quilla. Este relato corresponde al SIL de&hellip;<\/p>\n","protected":false},"author":1,"featured_media":6206,"comment_status":"open","ping_status":"open","sticky":false,"template":"","format":"standard","meta":{"yasr_overall_rating":0,"yasr_post_is_review":"","yasr_auto_insert_disabled":"","yasr_review_type":""},"categories":[109,136],"tags":[],"yasr_visitor_votes":{"stars_attributes":{"read_only":false,"span_bottom":false},"number_of_votes":0,"sum_votes":0},"yoast_head":"<!-- This site is optimized with the Yoast SEO plugin v21.8.1 - https:\/\/yoast.com\/wordpress\/plugins\/seo\/ -->\n<title>San Isidro Labrador 2023 &#187; MARTECNA - disfrutamos tus logros<\/title>\n<meta name=\"robots\" content=\"index, follow, max-snippet:-1, max-image-preview:large, max-video-preview:-1\" \/>\n<link rel=\"canonical\" href=\"https:\/\/martecna.com\/wp\/2023\/05\/21\/san-isidro-labrador-2023\/\" \/>\n<meta property=\"og:locale\" content=\"en_US\" \/>\n<meta property=\"og:type\" content=\"article\" \/>\n<meta property=\"og:title\" content=\"San Isidro Labrador 2023 &#187; MARTECNA - disfrutamos tus logros\" \/>\n<meta property=\"og:description\" content=\"Edici\u00f3n inolvidable de la Copa San Isidro Labrador (entre nosotros &#8216;la SIL&#8217;, o &#8216;el SIL&#8217;, dependiendo de si lo llamamos Copa o Campeonato \ud83d\ude42 ) Sin lluvia, lo que no ven\u00eda ocurriendo desde hace varias ediciones. NOTA: El campeonato SIL completo se corre en varios fines de semana, cada uno con diferentes clases, siendo las clases divididas principalmente por ser de orza o quilla. Este relato corresponde al SIL de&hellip;\" \/>\n<meta property=\"og:url\" content=\"https:\/\/martecna.com\/wp\/2023\/05\/21\/san-isidro-labrador-2023\/\" \/>\n<meta property=\"og:site_name\" content=\"MARTECNA - disfrutamos tus logros\" \/>\n<meta property=\"article:publisher\" content=\"https:\/\/www.facebook.com\/martecna\/\" \/>\n<meta property=\"article:published_time\" content=\"2023-05-21T19:37:51+00:00\" \/>\n<meta property=\"article:modified_time\" content=\"2023-05-21T20:53:11+00:00\" \/>\n<meta property=\"og:image\" content=\"https:\/\/martecna.com\/wp\/wp-content\/uploads\/2023\/05\/bannerSIL2023.png\" \/>\n\t<meta property=\"og:image:width\" content=\"960\" \/>\n\t<meta property=\"og:image:height\" content=\"640\" \/>\n\t<meta property=\"og:image:type\" content=\"image\/png\" \/>\n<meta name=\"author\" content=\"MARTECNA\" \/>\n<meta name=\"twitter:card\" content=\"summary_large_image\" \/>\n<meta name=\"twitter:creator\" content=\"@martecna\" \/>\n<meta name=\"twitter:site\" content=\"@martecna\" \/>\n<meta name=\"twitter:label1\" content=\"Written by\" \/>\n\t<meta name=\"twitter:data1\" content=\"MARTECNA\" \/>\n\t<meta name=\"twitter:label2\" content=\"Est. reading time\" \/>\n\t<meta name=\"twitter:data2\" content=\"5 minutes\" \/>\n<script type=\"application\/ld+json\" class=\"yoast-schema-graph\">{\"@context\":\"https:\/\/schema.org\",\"@graph\":[{\"@type\":\"Article\",\"@id\":\"https:\/\/martecna.com\/wp\/2023\/05\/21\/san-isidro-labrador-2023\/#article\",\"isPartOf\":{\"@id\":\"https:\/\/martecna.com\/wp\/2023\/05\/21\/san-isidro-labrador-2023\/\"},\"author\":{\"name\":\"MARTECNA\",\"@id\":\"https:\/\/martecna.com\/wp\/#\/schema\/person\/658f855421ba0ea1cb4ea674b6b5ca57\"},\"headline\":\"San Isidro Labrador 2023\",\"datePublished\":\"2023-05-21T19:37:51+00:00\",\"dateModified\":\"2023-05-21T20:53:11+00:00\",\"mainEntityOfPage\":{\"@id\":\"https:\/\/martecna.com\/wp\/2023\/05\/21\/san-isidro-labrador-2023\/\"},\"wordCount\":802,\"commentCount\":0,\"publisher\":{\"@id\":\"https:\/\/martecna.com\/wp\/#organization\"},\"articleSection\":[\"Eventos\",\"Nosotros\"],\"inLanguage\":\"en-US\",\"potentialAction\":[{\"@type\":\"CommentAction\",\"name\":\"Comment\",\"target\":[\"https:\/\/martecna.com\/wp\/2023\/05\/21\/san-isidro-labrador-2023\/#respond\"]}]},{\"@type\":\"WebPage\",\"@id\":\"https:\/\/martecna.com\/wp\/2023\/05\/21\/san-isidro-labrador-2023\/\",\"url\":\"https:\/\/martecna.com\/wp\/2023\/05\/21\/san-isidro-labrador-2023\/\",\"name\":\"San Isidro Labrador 2023 &#187; MARTECNA - disfrutamos tus logros\",\"isPartOf\":{\"@id\":\"https:\/\/martecna.com\/wp\/#website\"},\"datePublished\":\"2023-05-21T19:37:51+00:00\",\"dateModified\":\"2023-05-21T20:53:11+00:00\",\"breadcrumb\":{\"@id\":\"https:\/\/martecna.com\/wp\/2023\/05\/21\/san-isidro-labrador-2023\/#breadcrumb\"},\"inLanguage\":\"en-US\",\"potentialAction\":[{\"@type\":\"ReadAction\",\"target\":[\"https:\/\/martecna.com\/wp\/2023\/05\/21\/san-isidro-labrador-2023\/\"]}]},{\"@type\":\"BreadcrumbList\",\"@id\":\"https:\/\/martecna.com\/wp\/2023\/05\/21\/san-isidro-labrador-2023\/#breadcrumb\",\"itemListElement\":[{\"@type\":\"ListItem\",\"position\":1,\"name\":\"Home\",\"item\":\"https:\/\/martecna.com\/wp\/\"},{\"@type\":\"ListItem\",\"position\":2,\"name\":\"San Isidro Labrador 2023\"}]},{\"@type\":\"WebSite\",\"@id\":\"https:\/\/martecna.com\/wp\/#website\",\"url\":\"https:\/\/martecna.com\/wp\/\",\"name\":\"MARTECNA\",\"description\":\"De todo sobre productos, reglas, campeonatos y novedades\",\"publisher\":{\"@id\":\"https:\/\/martecna.com\/wp\/#organization\"},\"potentialAction\":[{\"@type\":\"SearchAction\",\"target\":{\"@type\":\"EntryPoint\",\"urlTemplate\":\"https:\/\/martecna.com\/wp\/?s={search_term_string}\"},\"query-input\":\"required name=search_term_string\"}],\"inLanguage\":\"en-US\"},{\"@type\":\"Organization\",\"@id\":\"https:\/\/martecna.com\/wp\/#organization\",\"name\":\"MARTECNA\",\"url\":\"https:\/\/martecna.com\/wp\/\",\"logo\":{\"@type\":\"ImageObject\",\"inLanguage\":\"en-US\",\"@id\":\"https:\/\/martecna.com\/wp\/#\/schema\/logo\/image\/\",\"url\":\"http:\/\/martecna.com\/wp\/wp-content\/uploads\/2020\/04\/logoBlancoRedondo.png\",\"contentUrl\":\"http:\/\/martecna.com\/wp\/wp-content\/uploads\/2020\/04\/logoBlancoRedondo.png\",\"width\":800,\"height\":800,\"caption\":\"MARTECNA\"},\"image\":{\"@id\":\"https:\/\/martecna.com\/wp\/#\/schema\/logo\/image\/\"},\"sameAs\":[\"https:\/\/www.facebook.com\/martecna\/\",\"https:\/\/twitter.com\/martecna\",\"https:\/\/www.linkedin.com\/company\/martecna\/\",\"https:\/\/www.youtube.com\/channel\/UCNE_-p1TPh-nynl2zflpHsQ\"]},{\"@type\":\"Person\",\"@id\":\"https:\/\/martecna.com\/wp\/#\/schema\/person\/658f855421ba0ea1cb4ea674b6b5ca57\",\"name\":\"MARTECNA\",\"image\":{\"@type\":\"ImageObject\",\"inLanguage\":\"en-US\",\"@id\":\"https:\/\/martecna.com\/wp\/#\/schema\/person\/image\/\",\"url\":\"https:\/\/secure.gravatar.com\/avatar\/1f2d14d0fd8c634e79aaa2edbca9d60f?s=96&d=mm&r=g\",\"contentUrl\":\"https:\/\/secure.gravatar.com\/avatar\/1f2d14d0fd8c634e79aaa2edbca9d60f?s=96&d=mm&r=g\",\"caption\":\"MARTECNA\"},\"description\":\"Martecna es una empresa dedicada a la fabricaci\u00f3n y venta de embarcaciones, repuestos, accesorios y productos en general para la navegaci\u00f3n a vela, en especial de barcos monotipos. Participamos activamente en la difusi\u00f3n y desarrollo del deporte de la vela en Argentina y Sudam\u00e9rica, estando presentes en la mayor\u00eda de los campeonatos locales e internacionales a lo largo del a\u00f1o.\",\"sameAs\":[\"http:\/\/www.martecna.com\"]},false]}<\/script>\n<!-- \/ Yoast SEO plugin. -->","yoast_head_json":{"title":"San Isidro Labrador 2023 &#187; MARTECNA - disfrutamos tus logros","robots":{"index":"index","follow":"follow","max-snippet":"max-snippet:-1","max-image-preview":"max-image-preview:large","max-video-preview":"max-video-preview:-1"},"canonical":"https:\/\/martecna.com\/wp\/2023\/05\/21\/san-isidro-labrador-2023\/","og_locale":"en_US","og_type":"article","og_title":"San Isidro Labrador 2023 &#187; MARTECNA - disfrutamos tus logros","og_description":"Edici\u00f3n inolvidable de la Copa San Isidro Labrador (entre nosotros &#8216;la SIL&#8217;, o &#8216;el SIL&#8217;, dependiendo de si lo llamamos Copa o Campeonato \ud83d\ude42 ) Sin lluvia, lo que no ven\u00eda ocurriendo desde hace varias ediciones. NOTA: El campeonato SIL completo se corre en varios fines de semana, cada uno con diferentes clases, siendo las clases divididas principalmente por ser de orza o quilla. Este relato corresponde al SIL de&hellip;","og_url":"https:\/\/martecna.com\/wp\/2023\/05\/21\/san-isidro-labrador-2023\/","og_site_name":"MARTECNA - disfrutamos tus logros","article_publisher":"https:\/\/www.facebook.com\/martecna\/","article_published_time":"2023-05-21T19:37:51+00:00","article_modified_time":"2023-05-21T20:53:11+00:00","og_image":[{"width":960,"height":640,"url":"https:\/\/martecna.com\/wp\/wp-content\/uploads\/2023\/05\/bannerSIL2023.png","type":"image\/png"}],"author":"MARTECNA","twitter_card":"summary_large_image","twitter_creator":"@martecna","twitter_site":"@martecna","twitter_misc":{"Written by":"MARTECNA","Est. reading time":"5 minutes"},"schema":{"@context":"https:\/\/schema.org","@graph":[{"@type":"Article","@id":"https:\/\/martecna.com\/wp\/2023\/05\/21\/san-isidro-labrador-2023\/#article","isPartOf":{"@id":"https:\/\/martecna.com\/wp\/2023\/05\/21\/san-isidro-labrador-2023\/"},"author":{"name":"MARTECNA","@id":"https:\/\/martecna.com\/wp\/#\/schema\/person\/658f855421ba0ea1cb4ea674b6b5ca57"},"headline":"San Isidro Labrador 2023","datePublished":"2023-05-21T19:37:51+00:00","dateModified":"2023-05-21T20:53:11+00:00","mainEntityOfPage":{"@id":"https:\/\/martecna.com\/wp\/2023\/05\/21\/san-isidro-labrador-2023\/"},"wordCount":802,"commentCount":0,"publisher":{"@id":"https:\/\/martecna.com\/wp\/#organization"},"articleSection":["Eventos","Nosotros"],"inLanguage":"en-US","potentialAction":[{"@type":"CommentAction","name":"Comment","target":["https:\/\/martecna.com\/wp\/2023\/05\/21\/san-isidro-labrador-2023\/#respond"]}]},{"@type":"WebPage","@id":"https:\/\/martecna.com\/wp\/2023\/05\/21\/san-isidro-labrador-2023\/","url":"https:\/\/martecna.com\/wp\/2023\/05\/21\/san-isidro-labrador-2023\/","name":"San Isidro Labrador 2023 &#187; MARTECNA - disfrutamos tus logros","isPartOf":{"@id":"https:\/\/martecna.com\/wp\/#website"},"datePublished":"2023-05-21T19:37:51+00:00","dateModified":"2023-05-21T20:53:11+00:00","breadcrumb":{"@id":"https:\/\/martecna.com\/wp\/2023\/05\/21\/san-isidro-labrador-2023\/#breadcrumb"},"inLanguage":"en-US","potentialAction":[{"@type":"ReadAction","target":["https:\/\/martecna.com\/wp\/2023\/05\/21\/san-isidro-labrador-2023\/"]}]},{"@type":"BreadcrumbList","@id":"https:\/\/martecna.com\/wp\/2023\/05\/21\/san-isidro-labrador-2023\/#breadcrumb","itemListElement":[{"@type":"ListItem","position":1,"name":"Home","item":"https:\/\/martecna.com\/wp\/"},{"@type":"ListItem","position":2,"name":"San Isidro Labrador 2023"}]},{"@type":"WebSite","@id":"https:\/\/martecna.com\/wp\/#website","url":"https:\/\/martecna.com\/wp\/","name":"MARTECNA","description":"De todo sobre productos, reglas, campeonatos y novedades","publisher":{"@id":"https:\/\/martecna.com\/wp\/#organization"},"potentialAction":[{"@type":"SearchAction","target":{"@type":"EntryPoint","urlTemplate":"https:\/\/martecna.com\/wp\/?s={search_term_string}"},"query-input":"required name=search_term_string"}],"inLanguage":"en-US"},{"@type":"Organization","@id":"https:\/\/martecna.com\/wp\/#organization","name":"MARTECNA","url":"https:\/\/martecna.com\/wp\/","logo":{"@type":"ImageObject","inLanguage":"en-US","@id":"https:\/\/martecna.com\/wp\/#\/schema\/logo\/image\/","url":"http:\/\/martecna.com\/wp\/wp-content\/uploads\/2020\/04\/logoBlancoRedondo.png","contentUrl":"http:\/\/martecna.com\/wp\/wp-content\/uploads\/2020\/04\/logoBlancoRedondo.png","width":800,"height":800,"caption":"MARTECNA"},"image":{"@id":"https:\/\/martecna.com\/wp\/#\/schema\/logo\/image\/"},"sameAs":["https:\/\/www.facebook.com\/martecna\/","https:\/\/twitter.com\/martecna","https:\/\/www.linkedin.com\/company\/martecna\/","https:\/\/www.youtube.com\/channel\/UCNE_-p1TPh-nynl2zflpHsQ"]},{"@type":"Person","@id":"https:\/\/martecna.com\/wp\/#\/schema\/person\/658f855421ba0ea1cb4ea674b6b5ca57","name":"MARTECNA","image":{"@type":"ImageObject","inLanguage":"en-US","@id":"https:\/\/martecna.com\/wp\/#\/schema\/person\/image\/","url":"https:\/\/secure.gravatar.com\/avatar\/1f2d14d0fd8c634e79aaa2edbca9d60f?s=96&d=mm&r=g","contentUrl":"https:\/\/secure.gravatar.com\/avatar\/1f2d14d0fd8c634e79aaa2edbca9d60f?s=96&d=mm&r=g","caption":"MARTECNA"},"description":"Martecna es una empresa dedicada a la fabricaci\u00f3n y venta de embarcaciones, repuestos, accesorios y productos en general para la navegaci\u00f3n a vela, en especial de barcos monotipos. Participamos activamente en la difusi\u00f3n y desarrollo del deporte de la vela en Argentina y Sudam\u00e9rica, estando presentes en la mayor\u00eda de los campeonatos locales e internacionales a lo largo del a\u00f1o.","sameAs":["http:\/\/www.martecna.com"]},false]}},"_links":{"self":[{"href":"https:\/\/martecna.com\/wp\/wp-json\/wp\/v2\/posts\/6067"}],"collection":[{"href":"https:\/\/martecna.com\/wp\/wp-json\/wp\/v2\/posts"}],"about":[{"href":"https:\/\/martecna.com\/wp\/wp-json\/wp\/v2\/types\/post"}],"author":[{"embeddable":true,"href":"https:\/\/martecna.com\/wp\/wp-json\/wp\/v2\/users\/1"}],"replies":[{"embeddable":true,"href":"https:\/\/martecna.com\/wp\/wp-json\/wp\/v2\/comments?post=6067"}],"version-history":[{"count":19,"href":"https:\/\/martecna.com\/wp\/wp-json\/wp\/v2\/posts\/6067\/revisions"}],"predecessor-version":[{"id":6226,"href":"https:\/\/martecna.com\/wp\/wp-json\/wp\/v2\/posts\/6067\/revisions\/6226"}],"wp:featuredmedia":[{"embeddable":true,"href":"https:\/\/martecna.com\/wp\/wp-json\/wp\/v2\/media\/6206"}],"wp:attachment":[{"href":"https:\/\/martecna.com\/wp\/wp-json\/wp\/v2\/media?parent=6067"}],"wp:term":[{"taxonomy":"category","embeddable":true,"href":"https:\/\/martecna.com\/wp\/wp-json\/wp\/v2\/categories?post=6067"},{"taxonomy":"post_tag","embeddable":true,"href":"https:\/\/martecna.com\/wp\/wp-json\/wp\/v2\/tags?post=6067"}],"curies":[{"name":"wp","href":"https:\/\/api.w.org\/{rel}","templated":true}]}}