{"id":988,"date":"2019-06-27T18:39:00","date_gmt":"2019-06-27T21:39:00","guid":{"rendered":"http:\/\/martecna.com\/wp\/?p=988"},"modified":"2020-03-27T18:43:20","modified_gmt":"2020-03-27T21:43:20","slug":"cabos-de-29er","status":"publish","type":"post","link":"https:\/\/martecna.com\/wp\/2019\/06\/27\/cabos-de-29er\/","title":{"rendered":"Cabos de 29er"},"content":{"rendered":"\n<p>Ac\u00e1 podr\u00e1s descargar el listado de longitudes y di\u00e1metros de los cabos que conforman la maniobra del 29er. Se basa en la maniobra standard con la que vendemos los 29er completos. <\/p>\n\n\n\n<p>Cuando empieces a navegar tal vez te des cuenta de que te gusta usar otro tipo de cabo, o de diferente di\u00e1metro o incluso de diferente longitud. Esta lista es s\u00f3lo para que tengas de referencia.<\/p>\n\n\n\n<div class=\"wp-block-file\"><a href=\"https:\/\/martecna.com\/wp\/wp-content\/uploads\/2020\/03\/cabos29er-v3.pdf\">cabos29er-v3<\/a><a href=\"https:\/\/martecna.com\/wp\/wp-content\/uploads\/2020\/03\/cabos29er-v3.pdf\" class=\"wp-block-file__button\" download>Download<\/a><\/div>\n","protected":false},"excerpt":{"rendered":"<p>Ac\u00e1 podr\u00e1s descargar el listado de longitudes y di\u00e1metros de los cabos que conforman la maniobra del 29er. Se basa en la maniobra standard con la que vendemos los 29er completos. Cuando empieces a navegar tal vez te des cuenta de que te gusta usar otro tipo de cabo, o de diferente di\u00e1metro o incluso de diferente longitud. Esta lista es s\u00f3lo para que tengas de referencia.<\/p>\n","protected":false},"author":1,"featured_media":990,"comment_status":"open","ping_status":"open","sticky":false,"template":"","format":"standard","meta":{"yasr_overall_rating":0,"yasr_post_is_review":"","yasr_auto_insert_disabled":"","yasr_review_type":""},"categories":[125],"tags":[126,127],"yasr_visitor_votes":{"stars_attributes":{"read_only":false,"span_bottom":false},"number_of_votes":0,"sum_votes":0},"yoast_head":"<!-- This site is optimized with the Yoast SEO plugin v21.8.1 - https:\/\/yoast.com\/wordpress\/plugins\/seo\/ -->\n<title>Cabos de 29er &#187; MARTECNA - disfrutamos tus logros<\/title>\n<meta name=\"robots\" content=\"index, follow, max-snippet:-1, max-image-preview:large, max-video-preview:-1\" \/>\n<link rel=\"canonical\" href=\"https:\/\/martecna.com\/wp\/2019\/06\/27\/cabos-de-29er\/\" \/>\n<meta property=\"og:locale\" content=\"en_US\" \/>\n<meta property=\"og:type\" content=\"article\" \/>\n<meta property=\"og:title\" content=\"Cabos de 29er &#187; MARTECNA - disfrutamos tus logros\" \/>\n<meta property=\"og:description\" content=\"Ac\u00e1 podr\u00e1s descargar el listado de longitudes y di\u00e1metros de los cabos que conforman la maniobra del 29er. Se basa en la maniobra standard con la que vendemos los 29er completos. Cuando empieces a navegar tal vez te des cuenta de que te gusta usar otro tipo de cabo, o de diferente di\u00e1metro o incluso de diferente longitud. Esta lista es s\u00f3lo para que tengas de referencia.\" \/>\n<meta property=\"og:url\" content=\"https:\/\/martecna.com\/wp\/2019\/06\/27\/cabos-de-29er\/\" \/>\n<meta property=\"og:site_name\" content=\"MARTECNA - disfrutamos tus logros\" \/>\n<meta property=\"article:publisher\" content=\"https:\/\/www.facebook.com\/martecna\/\" \/>\n<meta property=\"article:published_time\" content=\"2019-06-27T21:39:00+00:00\" \/>\n<meta property=\"article:modified_time\" content=\"2020-03-27T21:43:20+00:00\" \/>\n<meta property=\"og:image\" content=\"https:\/\/martecna.com\/wp\/wp-content\/uploads\/2020\/03\/blogCABOS29er.png\" \/>\n\t<meta property=\"og:image:width\" content=\"960\" \/>\n\t<meta property=\"og:image:height\" content=\"640\" \/>\n\t<meta property=\"og:image:type\" content=\"image\/png\" \/>\n<meta name=\"author\" content=\"MARTECNA\" \/>\n<meta name=\"twitter:card\" content=\"summary_large_image\" \/>\n<meta name=\"twitter:creator\" content=\"@martecna\" \/>\n<meta name=\"twitter:site\" content=\"@martecna\" \/>\n<meta name=\"twitter:label1\" content=\"Written by\" \/>\n\t<meta name=\"twitter:data1\" content=\"MARTECNA\" \/>\n<script type=\"application\/ld+json\" class=\"yoast-schema-graph\">{\"@context\":\"https:\/\/schema.org\",\"@graph\":[{\"@type\":\"Article\",\"@id\":\"https:\/\/martecna.com\/wp\/2019\/06\/27\/cabos-de-29er\/#article\",\"isPartOf\":{\"@id\":\"https:\/\/martecna.com\/wp\/2019\/06\/27\/cabos-de-29er\/\"},\"author\":{\"name\":\"MARTECNA\",\"@id\":\"https:\/\/martecna.com\/wp\/#\/schema\/person\/658f855421ba0ea1cb4ea674b6b5ca57\"},\"headline\":\"Cabos de 29er\",\"datePublished\":\"2019-06-27T21:39:00+00:00\",\"dateModified\":\"2020-03-27T21:43:20+00:00\",\"mainEntityOfPage\":{\"@id\":\"https:\/\/martecna.com\/wp\/2019\/06\/27\/cabos-de-29er\/\"},\"wordCount\":77,\"commentCount\":0,\"publisher\":{\"@id\":\"https:\/\/martecna.com\/wp\/#organization\"},\"keywords\":[\"cabos\",\"medidas\"],\"articleSection\":[\"C\u00f3mo\"],\"inLanguage\":\"en-US\",\"potentialAction\":[{\"@type\":\"CommentAction\",\"name\":\"Comment\",\"target\":[\"https:\/\/martecna.com\/wp\/2019\/06\/27\/cabos-de-29er\/#respond\"]}]},{\"@type\":\"WebPage\",\"@id\":\"https:\/\/martecna.com\/wp\/2019\/06\/27\/cabos-de-29er\/\",\"url\":\"https:\/\/martecna.com\/wp\/2019\/06\/27\/cabos-de-29er\/\",\"name\":\"Cabos de 29er &#187; MARTECNA - disfrutamos tus logros\",\"isPartOf\":{\"@id\":\"https:\/\/martecna.com\/wp\/#website\"},\"datePublished\":\"2019-06-27T21:39:00+00:00\",\"dateModified\":\"2020-03-27T21:43:20+00:00\",\"breadcrumb\":{\"@id\":\"https:\/\/martecna.com\/wp\/2019\/06\/27\/cabos-de-29er\/#breadcrumb\"},\"inLanguage\":\"en-US\",\"potentialAction\":[{\"@type\":\"ReadAction\",\"target\":[\"https:\/\/martecna.com\/wp\/2019\/06\/27\/cabos-de-29er\/\"]}]},{\"@type\":\"BreadcrumbList\",\"@id\":\"https:\/\/martecna.com\/wp\/2019\/06\/27\/cabos-de-29er\/#breadcrumb\",\"itemListElement\":[{\"@type\":\"ListItem\",\"position\":1,\"name\":\"Home\",\"item\":\"https:\/\/martecna.com\/wp\/\"},{\"@type\":\"ListItem\",\"position\":2,\"name\":\"Cabos de 29er\"}]},{\"@type\":\"WebSite\",\"@id\":\"https:\/\/martecna.com\/wp\/#website\",\"url\":\"https:\/\/martecna.com\/wp\/\",\"name\":\"MARTECNA\",\"description\":\"De todo sobre productos, reglas, campeonatos y novedades\",\"publisher\":{\"@id\":\"https:\/\/martecna.com\/wp\/#organization\"},\"potentialAction\":[{\"@type\":\"SearchAction\",\"target\":{\"@type\":\"EntryPoint\",\"urlTemplate\":\"https:\/\/martecna.com\/wp\/?s={search_term_string}\"},\"query-input\":\"required name=search_term_string\"}],\"inLanguage\":\"en-US\"},{\"@type\":\"Organization\",\"@id\":\"https:\/\/martecna.com\/wp\/#organization\",\"name\":\"MARTECNA\",\"url\":\"https:\/\/martecna.com\/wp\/\",\"logo\":{\"@type\":\"ImageObject\",\"inLanguage\":\"en-US\",\"@id\":\"https:\/\/martecna.com\/wp\/#\/schema\/logo\/image\/\",\"url\":\"http:\/\/martecna.com\/wp\/wp-content\/uploads\/2020\/04\/logoBlancoRedondo.png\",\"contentUrl\":\"http:\/\/martecna.com\/wp\/wp-content\/uploads\/2020\/04\/logoBlancoRedondo.png\",\"width\":800,\"height\":800,\"caption\":\"MARTECNA\"},\"image\":{\"@id\":\"https:\/\/martecna.com\/wp\/#\/schema\/logo\/image\/\"},\"sameAs\":[\"https:\/\/www.facebook.com\/martecna\/\",\"https:\/\/twitter.com\/martecna\",\"https:\/\/www.linkedin.com\/company\/martecna\/\",\"https:\/\/www.youtube.com\/channel\/UCNE_-p1TPh-nynl2zflpHsQ\"]},{\"@type\":\"Person\",\"@id\":\"https:\/\/martecna.com\/wp\/#\/schema\/person\/658f855421ba0ea1cb4ea674b6b5ca57\",\"name\":\"MARTECNA\",\"image\":{\"@type\":\"ImageObject\",\"inLanguage\":\"en-US\",\"@id\":\"https:\/\/martecna.com\/wp\/#\/schema\/person\/image\/\",\"url\":\"https:\/\/secure.gravatar.com\/avatar\/1f2d14d0fd8c634e79aaa2edbca9d60f?s=96&d=mm&r=g\",\"contentUrl\":\"https:\/\/secure.gravatar.com\/avatar\/1f2d14d0fd8c634e79aaa2edbca9d60f?s=96&d=mm&r=g\",\"caption\":\"MARTECNA\"},\"description\":\"Martecna es una empresa dedicada a la fabricaci\u00f3n y venta de embarcaciones, repuestos, accesorios y productos en general para la navegaci\u00f3n a vela, en especial de barcos monotipos. Participamos activamente en la difusi\u00f3n y desarrollo del deporte de la vela en Argentina y Sudam\u00e9rica, estando presentes en la mayor\u00eda de los campeonatos locales e internacionales a lo largo del a\u00f1o.\",\"sameAs\":[\"http:\/\/www.martecna.com\"]},false]}<\/script>\n<!-- \/ Yoast SEO plugin. -->","yoast_head_json":{"title":"Cabos de 29er &#187; MARTECNA - disfrutamos tus logros","robots":{"index":"index","follow":"follow","max-snippet":"max-snippet:-1","max-image-preview":"max-image-preview:large","max-video-preview":"max-video-preview:-1"},"canonical":"https:\/\/martecna.com\/wp\/2019\/06\/27\/cabos-de-29er\/","og_locale":"en_US","og_type":"article","og_title":"Cabos de 29er &#187; MARTECNA - disfrutamos tus logros","og_description":"Ac\u00e1 podr\u00e1s descargar el listado de longitudes y di\u00e1metros de los cabos que conforman la maniobra del 29er. Se basa en la maniobra standard con la que vendemos los 29er completos. Cuando empieces a navegar tal vez te des cuenta de que te gusta usar otro tipo de cabo, o de diferente di\u00e1metro o incluso de diferente longitud. Esta lista es s\u00f3lo para que tengas de referencia.","og_url":"https:\/\/martecna.com\/wp\/2019\/06\/27\/cabos-de-29er\/","og_site_name":"MARTECNA - disfrutamos tus logros","article_publisher":"https:\/\/www.facebook.com\/martecna\/","article_published_time":"2019-06-27T21:39:00+00:00","article_modified_time":"2020-03-27T21:43:20+00:00","og_image":[{"width":960,"height":640,"url":"https:\/\/martecna.com\/wp\/wp-content\/uploads\/2020\/03\/blogCABOS29er.png","type":"image\/png"}],"author":"MARTECNA","twitter_card":"summary_large_image","twitter_creator":"@martecna","twitter_site":"@martecna","twitter_misc":{"Written by":"MARTECNA"},"schema":{"@context":"https:\/\/schema.org","@graph":[{"@type":"Article","@id":"https:\/\/martecna.com\/wp\/2019\/06\/27\/cabos-de-29er\/#article","isPartOf":{"@id":"https:\/\/martecna.com\/wp\/2019\/06\/27\/cabos-de-29er\/"},"author":{"name":"MARTECNA","@id":"https:\/\/martecna.com\/wp\/#\/schema\/person\/658f855421ba0ea1cb4ea674b6b5ca57"},"headline":"Cabos de 29er","datePublished":"2019-06-27T21:39:00+00:00","dateModified":"2020-03-27T21:43:20+00:00","mainEntityOfPage":{"@id":"https:\/\/martecna.com\/wp\/2019\/06\/27\/cabos-de-29er\/"},"wordCount":77,"commentCount":0,"publisher":{"@id":"https:\/\/martecna.com\/wp\/#organization"},"keywords":["cabos","medidas"],"articleSection":["C\u00f3mo"],"inLanguage":"en-US","potentialAction":[{"@type":"CommentAction","name":"Comment","target":["https:\/\/martecna.com\/wp\/2019\/06\/27\/cabos-de-29er\/#respond"]}]},{"@type":"WebPage","@id":"https:\/\/martecna.com\/wp\/2019\/06\/27\/cabos-de-29er\/","url":"https:\/\/martecna.com\/wp\/2019\/06\/27\/cabos-de-29er\/","name":"Cabos de 29er &#187; MARTECNA - disfrutamos tus logros","isPartOf":{"@id":"https:\/\/martecna.com\/wp\/#website"},"datePublished":"2019-06-27T21:39:00+00:00","dateModified":"2020-03-27T21:43:20+00:00","breadcrumb":{"@id":"https:\/\/martecna.com\/wp\/2019\/06\/27\/cabos-de-29er\/#breadcrumb"},"inLanguage":"en-US","potentialAction":[{"@type":"ReadAction","target":["https:\/\/martecna.com\/wp\/2019\/06\/27\/cabos-de-29er\/"]}]},{"@type":"BreadcrumbList","@id":"https:\/\/martecna.com\/wp\/2019\/06\/27\/cabos-de-29er\/#breadcrumb","itemListElement":[{"@type":"ListItem","position":1,"name":"Home","item":"https:\/\/martecna.com\/wp\/"},{"@type":"ListItem","position":2,"name":"Cabos de 29er"}]},{"@type":"WebSite","@id":"https:\/\/martecna.com\/wp\/#website","url":"https:\/\/martecna.com\/wp\/","name":"MARTECNA","description":"De todo sobre productos, reglas, campeonatos y novedades","publisher":{"@id":"https:\/\/martecna.com\/wp\/#organization"},"potentialAction":[{"@type":"SearchAction","target":{"@type":"EntryPoint","urlTemplate":"https:\/\/martecna.com\/wp\/?s={search_term_string}"},"query-input":"required name=search_term_string"}],"inLanguage":"en-US"},{"@type":"Organization","@id":"https:\/\/martecna.com\/wp\/#organization","name":"MARTECNA","url":"https:\/\/martecna.com\/wp\/","logo":{"@type":"ImageObject","inLanguage":"en-US","@id":"https:\/\/martecna.com\/wp\/#\/schema\/logo\/image\/","url":"http:\/\/martecna.com\/wp\/wp-content\/uploads\/2020\/04\/logoBlancoRedondo.png","contentUrl":"http:\/\/martecna.com\/wp\/wp-content\/uploads\/2020\/04\/logoBlancoRedondo.png","width":800,"height":800,"caption":"MARTECNA"},"image":{"@id":"https:\/\/martecna.com\/wp\/#\/schema\/logo\/image\/"},"sameAs":["https:\/\/www.facebook.com\/martecna\/","https:\/\/twitter.com\/martecna","https:\/\/www.linkedin.com\/company\/martecna\/","https:\/\/www.youtube.com\/channel\/UCNE_-p1TPh-nynl2zflpHsQ"]},{"@type":"Person","@id":"https:\/\/martecna.com\/wp\/#\/schema\/person\/658f855421ba0ea1cb4ea674b6b5ca57","name":"MARTECNA","image":{"@type":"ImageObject","inLanguage":"en-US","@id":"https:\/\/martecna.com\/wp\/#\/schema\/person\/image\/","url":"https:\/\/secure.gravatar.com\/avatar\/1f2d14d0fd8c634e79aaa2edbca9d60f?s=96&d=mm&r=g","contentUrl":"https:\/\/secure.gravatar.com\/avatar\/1f2d14d0fd8c634e79aaa2edbca9d60f?s=96&d=mm&r=g","caption":"MARTECNA"},"description":"Martecna es una empresa dedicada a la fabricaci\u00f3n y venta de embarcaciones, repuestos, accesorios y productos en general para la navegaci\u00f3n a vela, en especial de barcos monotipos. Participamos activamente en la difusi\u00f3n y desarrollo del deporte de la vela en Argentina y Sudam\u00e9rica, estando presentes en la mayor\u00eda de los campeonatos locales e internacionales a lo largo del a\u00f1o.","sameAs":["http:\/\/www.martecna.com"]},false]}},"_links":{"self":[{"href":"https:\/\/martecna.com\/wp\/wp-json\/wp\/v2\/posts\/988"}],"collection":[{"href":"https:\/\/martecna.com\/wp\/wp-json\/wp\/v2\/posts"}],"about":[{"href":"https:\/\/martecna.com\/wp\/wp-json\/wp\/v2\/types\/post"}],"author":[{"embeddable":true,"href":"https:\/\/martecna.com\/wp\/wp-json\/wp\/v2\/users\/1"}],"replies":[{"embeddable":true,"href":"https:\/\/martecna.com\/wp\/wp-json\/wp\/v2\/comments?post=988"}],"version-history":[{"count":1,"href":"https:\/\/martecna.com\/wp\/wp-json\/wp\/v2\/posts\/988\/revisions"}],"predecessor-version":[{"id":991,"href":"https:\/\/martecna.com\/wp\/wp-json\/wp\/v2\/posts\/988\/revisions\/991"}],"wp:featuredmedia":[{"embeddable":true,"href":"https:\/\/martecna.com\/wp\/wp-json\/wp\/v2\/media\/990"}],"wp:attachment":[{"href":"https:\/\/martecna.com\/wp\/wp-json\/wp\/v2\/media?parent=988"}],"wp:term":[{"taxonomy":"category","embeddable":true,"href":"https:\/\/martecna.com\/wp\/wp-json\/wp\/v2\/categories?post=988"},{"taxonomy":"post_tag","embeddable":true,"href":"https:\/\/martecna.com\/wp\/wp-json\/wp\/v2\/tags?post=988"}],"curies":[{"name":"wp","href":"https:\/\/api.w.org\/{rel}","templated":true}]}}